{"id":8005,"date":"2025-01-17T11:55:35","date_gmt":"2025-01-17T10:55:35","guid":{"rendered":"https:\/\/www.westzipfelregion.de\/verein\/?p=8005"},"modified":"2025-01-31T12:11:44","modified_gmt":"2025-01-31T11:11:44","slug":"birgdener-betkreuz","status":"publish","type":"post","link":"https:\/\/www.westzipfelregion.de\/verein\/2025\/01\/17\/birgdener-betkreuz\/","title":{"rendered":"Birgdener Betkreuz"},"content":{"rendered":"\t\t<div data-elementor-type=\"wp-post\" data-elementor-id=\"8005\" class=\"elementor elementor-8005\" data-elementor-settings=\"[]\">\n\t\t\t\t\t\t<div class=\"elementor-inner\">\n\t\t\t\t\t\t\t<div class=\"elementor-section-wrap\">\n\t\t\t\t\t\t\t<section class=\"elementor-section elementor-top-section elementor-element elementor-element-dadc1d1 elementor-section-boxed elementor-section-height-default elementor-section-height-default\" data-id=\"dadc1d1\" data-element_type=\"section\">\n\t\t\t\t\t\t<div class=\"elementor-container elementor-column-gap-default\">\n\t\t\t\t\t\t\t<div class=\"elementor-row\">\n\t\t\t\t\t<div class=\"elementor-column elementor-col-100 elementor-top-column elementor-element elementor-element-52f40bf\" data-id=\"52f40bf\" data-element_type=\"column\">\n\t\t\t<div class=\"elementor-column-wrap elementor-element-populated\">\n\t\t\t\t\t\t\t<div class=\"elementor-widget-wrap\">\n\t\t\t\t\t\t<div class=\"elementor-element elementor-element-229e5ae elementor-widget elementor-widget-text-editor\" data-id=\"229e5ae\" data-element_type=\"widget\" data-widget_type=\"text-editor.default\">\n\t\t\t\t<div class=\"elementor-widget-container\">\n\t\t\t\t\t\t\t\t<div class=\"elementor-text-editor elementor-clearfix\">\n\t\t\t\t<section data-id=\"8e330cf\" data-element_type=\"section\">\n<div data-id=\"8c363f2\" data-element_type=\"column\">\n<div data-id=\"80b8ed0\" data-element_type=\"text-editor.default\">\n<section data-id=\"9cf989b\" data-element_type=\"section\">\n<div data-id=\"d83b843\" data-element_type=\"column\">\n<div data-id=\"dc164ee\" data-element_type=\"text-editor.default\">\n<p>LEADER<\/p>\n<p><span style=\"font-family: 'Arial',sans-serif\"><b>Projekttr\u00e4ger: <\/b><\/span><\/p>\n<p><span style=\"font-family: 'Arial',sans-serif\">Geschichtskreis Birgden e.V.<\/span><\/p>\n<p><span style=\"font-family: 'Arial',sans-serif\"><b>Handlungsfeld: <\/b><\/span><\/p>\n<p><span style=\"font-family: Arial, sans-serif;font-size: 16px\">Regionale Wertsch\u00f6pfung<\/span><\/p>\n<p><b>Projektzeitraum: <\/b><\/p>\n<p><span style=\"font-family: Arial, sans-serif;font-size: 16px\">Dezember 2023 &#8211; Oktober 2024<\/span><\/p>\n<p><span style=\"font-family: 'Arial',sans-serif\"><b>Projektbeschreibung:&nbsp;<\/b><\/span><\/p>\n<p><span style=\"font-family: Arial, sans-serif\"><b>Ortseingangsgestaltung und Aufwertung von&nbsp;<\/b><\/span><b style=\"font-style: inherit;font-family: Arial, sans-serif\">Denkmal und Naturerbe \u201eBirgdener Betkreuz\u201c<\/b><\/p>\n<p><span style=\"font-family: 'Arial',sans-serif\">Das Birgdener Betkreuz in der Gemeinde Gangelt, Ortsteil Birgden ist ein bekanntes Wahrzeichen und ein Ort der Begegnung. Die Kapelle und die Umgebung ist in die Jahre gekommen und wird seiner geschichtlichen Bedeutung nicht mehr gerecht.&nbsp;<\/span><\/p>\n<p><span style=\"font-family: 'Arial',sans-serif\">Zeitgeschichtlich bietet der Projektort einen spannenden Blick in eine pr\u00e4gende Epoche unserer Regionalgeschichte. Lokal ist das Birgdener Betkruez eine in der Westzipfelregion beliebte Gebetsst\u00e4tte.&nbsp;<\/span><span style=\"font-size: 16px;font-family: Arial, sans-serif\">Der Ma\u00dfnahmenort ist die Umgebung Ortseingang Birgden &#8222;Betkreuz&#8220; (Denkmalnummer 20) inmitten zweier alter Linden (Naturerbe). Die regionale Besonderheit des Projektortes bietet eine einzigartige Chance zur Aufwertung des \u00f6ffentlichen Raumes f\u00fcr Besucher u. Nacherholungstouristen. Mit der Neugestaltung wird ein spannender Blick in&nbsp; eine pr\u00e4gende Epoche unserer Regionalgeschichte geboten.&nbsp;<\/span><span style=\"font-family: Arial, sans-serif;font-size: 16px;font-style: normal;font-weight: 400\">Die franz\u00f6sische Fremdherrschaft im Geist der Aufkl\u00e4rung und ihre Auswirkungen auf die damalige Volksfr\u00f6mmigkeit und die b\u00e4uerliche Lebenswelt in der Region. Die zahlreichen Votivtafeln, die \u00fcber Jahrzehnte von Gl\u00e4ubigern gestiftet worden waren, wurden in den 90er Jahren bei einer Renovierung entfernt und nicht wieder angebracht.<\/span><\/p>\n<p><span style=\"font-size: 16px;font-family: Arial, sans-serif\">Die Votiv bzw. Dankestafeln wurden gereinigt und sind wieder im Kappeninnternen angebracht wurden. Zus\u00e4tzlich wurde eine Beleuchtung im inneren der Kapelle installiert. Eine Informationstafel mit der Dokumentation der Geschichte des Betkreuzes wurde aufgestellt. Der Ort ist f\u00fcr Tourismus und Naherholung durch eine Sitzgelegenheit und Fahrradstellpl\u00e4tze nutzbar gemacht wurden.<\/span><\/p>\n<p><span style=\"font-family: Arial, sans-serif;font-size: 16px;font-style: normal;font-weight: 400\">Mit der Ma\u00dfnahme ist die Entwicklung des \u00f6ffentlichen Raumes und die Aufwertung eines Denkmals (Wegkreuz und Kapelle) und des Naturerbes (alte Linden) erzielt wurden. Die regionale Einzigartigkeit und geschichtliche Besonderheit dieser Kapelle konnte herausgestellt werden.<\/span><\/p>\n<p><span style=\"font-family: 'Arial',sans-serif\"><b>LEADER-F\u00f6rdermittel: <\/b><\/span><\/p>\n<p><span style=\"font-family: 'Arial',sans-serif\">Der von der Bezirksregierung bewilligte Zuschuss betr\u00e4gt EUR 17.635,26.<\/span><\/p>\n<\/div>\n<\/div>\n<\/section>\n<\/div>\n<\/div>\n<\/section>\t\t\t\t\t<\/div>\n\t\t\t\t\t\t<\/div>\n\t\t\t\t<\/div>\n\t\t\t\t\t\t<\/div>\n\t\t\t\t\t<\/div>\n\t\t<\/div>\n\t\t\t\t\t\t\t\t<\/div>\n\t\t\t\t\t<\/div>\n\t\t<\/section>\n\t\t\t\t\t\t<\/div>\n\t\t\t\t\t\t<\/div>\n\t\t\t\t\t<\/div>\n\t\t","protected":false},"excerpt":{"rendered":"<p>Das Birgdener Betkreuz in der Gemeinde Gangelt, Ortsteil Birgden ist ein bekanntes Wahrzeichen und ein Ort der Begegnung. Durch die Ma\u00dfnahme ist ein kulturelles und nat\u00fcrliches Erbe erhalten geblieben.<\/p>\n","protected":false},"author":14,"featured_media":8030,"comment_status":"open","ping_status":"open","sticky":false,"template":"","format":"standard","meta":{"site-sidebar-layout":"","site-content-layout":"","ast-main-header-display":"","ast-hfb-above-header-display":"","ast-hfb-mobile-header-display":"","site-post-title":"","ast-breadcrumbs-content":"","ast-featured-img":"","footer-sml-layout":"","theme-transparent-header-meta":"","adv-header-id-meta":"","stick-header-meta":"","header-above-stick-meta":"","header-main-stick-meta":"","header-below-stick-meta":""},"categories":[1,9],"tags":[],"_links":{"self":[{"href":"https:\/\/www.westzipfelregion.de\/verein\/wp-json\/wp\/v2\/posts\/8005"}],"collection":[{"href":"https:\/\/www.westzipfelregion.de\/verein\/wp-json\/wp\/v2\/posts"}],"about":[{"href":"https:\/\/www.westzipfelregion.de\/verein\/wp-json\/wp\/v2\/types\/post"}],"author":[{"embeddable":true,"href":"https:\/\/www.westzipfelregion.de\/verein\/wp-json\/wp\/v2\/users\/14"}],"replies":[{"embeddable":true,"href":"https:\/\/www.westzipfelregion.de\/verein\/wp-json\/wp\/v2\/comments?post=8005"}],"version-history":[{"count":9,"href":"https:\/\/www.westzipfelregion.de\/verein\/wp-json\/wp\/v2\/posts\/8005\/revisions"}],"predecessor-version":[{"id":8031,"href":"https:\/\/www.westzipfelregion.de\/verein\/wp-json\/wp\/v2\/posts\/8005\/revisions\/8031"}],"wp:featuredmedia":[{"embeddable":true,"href":"https:\/\/www.westzipfelregion.de\/verein\/wp-json\/wp\/v2\/media\/8030"}],"wp:attachment":[{"href":"https:\/\/www.westzipfelregion.de\/verein\/wp-json\/wp\/v2\/media?parent=8005"}],"wp:term":[{"taxonomy":"category","embeddable":true,"href":"https:\/\/www.westzipfelregion.de\/verein\/wp-json\/wp\/v2\/categories?post=8005"},{"taxonomy":"post_tag","embeddable":true,"href":"https:\/\/www.westzipfelregion.de\/verein\/wp-json\/wp\/v2\/tags?post=8005"}],"curies":[{"name":"wp","href":"https:\/\/api.w.org\/{rel}","templated":true}]}}