{"id":7950,"date":"2024-11-12T12:20:14","date_gmt":"2024-11-12T11:20:14","guid":{"rendered":"https:\/\/www.westzipfelregion.de\/verein\/?p=7950"},"modified":"2026-02-27T10:06:29","modified_gmt":"2026-02-27T09:06:29","slug":"2-leader-projektaufruf-2024","status":"publish","type":"post","link":"https:\/\/www.westzipfelregion.de\/verein\/2024\/11\/12\/2-leader-projektaufruf-2024\/","title":{"rendered":"2. LEADER-Projektaufruf 2024"},"content":{"rendered":"\t\t<div data-elementor-type=\"wp-post\" data-elementor-id=\"7950\" class=\"elementor elementor-7950\" data-elementor-settings=\"[]\">\n\t\t\t\t\t\t<div class=\"elementor-inner\">\n\t\t\t\t\t\t\t<div class=\"elementor-section-wrap\">\n\t\t\t\t\t\t\t<section class=\"elementor-section elementor-top-section elementor-element elementor-element-27f69f7 elementor-section-boxed elementor-section-height-default elementor-section-height-default\" data-id=\"27f69f7\" data-element_type=\"section\">\n\t\t\t\t\t\t<div class=\"elementor-container elementor-column-gap-default\">\n\t\t\t\t\t\t\t<div class=\"elementor-row\">\n\t\t\t\t\t<div class=\"elementor-column elementor-col-100 elementor-top-column elementor-element elementor-element-51865d8\" data-id=\"51865d8\" data-element_type=\"column\">\n\t\t\t<div class=\"elementor-column-wrap elementor-element-populated\">\n\t\t\t\t\t\t\t<div class=\"elementor-widget-wrap\">\n\t\t\t\t\t\t<div class=\"elementor-element elementor-element-a7fb29a elementor-widget elementor-widget-text-editor\" data-id=\"a7fb29a\" data-element_type=\"widget\" data-widget_type=\"text-editor.default\">\n\t\t\t\t<div class=\"elementor-widget-container\">\n\t\t\t\t\t\t\t\t<div class=\"elementor-text-editor elementor-clearfix\">\n\t\t\t\t<p><strong>Mitmachen &#8211; Natur sch\u00fctzen &#8211; F\u00f6rderung erhalten<\/strong><\/p><p><strong>Gemeinsam f\u00fcr mehr Klima- und Umweltschutz in der Westzipfelregion.<\/strong><\/p><p>Projektideen werden gesucht, die die Natur der gesamtem Westzipfelregion nachhaltig sch\u00fctzen. Privatpersonen, Vereine, Verb\u00e4nde, Unternehmen und Kommunen k\u00f6nnen einen Antrag stellen.<\/p><p>In diesem Aufruf geht es um Klima- und Umweltschutz. Mit dem Fokus auf diese Themen wird die Lokale Aktionsgruppe Westzipfelregion e. V. die Region nachhaltig st\u00e4rken. B\u00fcrgernahe Projekte, die jeder mitgestalten kann, sind der Weg dahin. Die Lokale Aktionsgruppe Westzipfelregion e. V. will Natur und Landwirtschaft zusammenbringen und das Bewusstsein f\u00fcr den Umweltschutz sch\u00e4rfen.<\/p><p>Jede Projektidee ist ab sofort ganz herzlich willkommen. Der Projektaufruf l\u00e4uft bis zum 31.01.2025. Das Regionalmanagement steht beratend zur Seite, um\u00a0<span style=\"font-size: 15px;font-style: normal;font-weight: 400\">die M\u00f6glichkeiten f\u00fcr Ihr Projekt zu besprechen.<\/span><\/p><p>Auch bei der Erstellung Ihrer Bewerbungsunterlagen oder der Abwicklung der F\u00f6rderung erhalten Sie unsere Unterst\u00fctzung.<\/p>\t\t\t\t\t<\/div>\n\t\t\t\t\t\t<\/div>\n\t\t\t\t<\/div>\n\t\t\t\t\t\t<\/div>\n\t\t\t\t\t<\/div>\n\t\t<\/div>\n\t\t\t\t\t\t\t\t<\/div>\n\t\t\t\t\t<\/div>\n\t\t<\/section>\n\t\t\t\t\t\t<\/div>\n\t\t\t\t\t\t<\/div>\n\t\t\t\t\t<\/div>\n\t\t","protected":false},"excerpt":{"rendered":"<p>Mitmachen &#8211; Natur sch\u00fctzen &#8211; F\u00f6rderung erhalten<\/p>\n<p>Projektideen werden gesucht, die die Natur der gesamtem Westzipfelregion nachhaltig sch\u00fctzen. Privatpersonen, Vereine, Verb\u00e4nde, Unternehmen und Kommunen k\u00f6nnen einen Antrag stellen.<\/p>\n","protected":false},"author":14,"featured_media":7954,"comment_status":"open","ping_status":"open","sticky":false,"template":"","format":"standard","meta":{"site-sidebar-layout":"","site-content-layout":"","ast-main-header-display":"","ast-hfb-above-header-display":"","ast-hfb-mobile-header-display":"","site-post-title":"","ast-breadcrumbs-content":"","ast-featured-img":"","footer-sml-layout":"","theme-transparent-header-meta":"","adv-header-id-meta":"","stick-header-meta":"","header-above-stick-meta":"","header-main-stick-meta":"","header-below-stick-meta":""},"categories":[1],"tags":[],"_links":{"self":[{"href":"https:\/\/www.westzipfelregion.de\/verein\/wp-json\/wp\/v2\/posts\/7950"}],"collection":[{"href":"https:\/\/www.westzipfelregion.de\/verein\/wp-json\/wp\/v2\/posts"}],"about":[{"href":"https:\/\/www.westzipfelregion.de\/verein\/wp-json\/wp\/v2\/types\/post"}],"author":[{"embeddable":true,"href":"https:\/\/www.westzipfelregion.de\/verein\/wp-json\/wp\/v2\/users\/14"}],"replies":[{"embeddable":true,"href":"https:\/\/www.westzipfelregion.de\/verein\/wp-json\/wp\/v2\/comments?post=7950"}],"version-history":[{"count":7,"href":"https:\/\/www.westzipfelregion.de\/verein\/wp-json\/wp\/v2\/posts\/7950\/revisions"}],"predecessor-version":[{"id":8439,"href":"https:\/\/www.westzipfelregion.de\/verein\/wp-json\/wp\/v2\/posts\/7950\/revisions\/8439"}],"wp:featuredmedia":[{"embeddable":true,"href":"https:\/\/www.westzipfelregion.de\/verein\/wp-json\/wp\/v2\/media\/7954"}],"wp:attachment":[{"href":"https:\/\/www.westzipfelregion.de\/verein\/wp-json\/wp\/v2\/media?parent=7950"}],"wp:term":[{"taxonomy":"category","embeddable":true,"href":"https:\/\/www.westzipfelregion.de\/verein\/wp-json\/wp\/v2\/categories?post=7950"},{"taxonomy":"post_tag","embeddable":true,"href":"https:\/\/www.westzipfelregion.de\/verein\/wp-json\/wp\/v2\/tags?post=7950"}],"curies":[{"name":"wp","href":"https:\/\/api.w.org\/{rel}","templated":true}]}}