{"id":7249,"date":"2023-05-04T12:04:40","date_gmt":"2023-05-04T10:04:40","guid":{"rendered":"https:\/\/www.westzipfelregion.de\/verein\/?p=7249"},"modified":"2024-02-01T09:44:38","modified_gmt":"2024-02-01T08:44:38","slug":"projektaufruf-kleinprojekte-2023-beendet","status":"publish","type":"post","link":"https:\/\/www.westzipfelregion.de\/verein\/2023\/05\/04\/projektaufruf-kleinprojekte-2023-beendet\/","title":{"rendered":"Projektaufruf Kleinprojekte 2023 beendet!"},"content":{"rendered":"\t\t<div data-elementor-type=\"wp-post\" data-elementor-id=\"7249\" class=\"elementor elementor-7249\" data-elementor-settings=\"[]\">\n\t\t\t\t\t\t<div class=\"elementor-inner\">\n\t\t\t\t\t\t\t<div class=\"elementor-section-wrap\">\n\t\t\t\t\t\t\t<section class=\"elementor-section elementor-top-section elementor-element elementor-element-88d1dd3 elementor-section-boxed elementor-section-height-default elementor-section-height-default\" data-id=\"88d1dd3\" data-element_type=\"section\">\n\t\t\t\t\t\t<div class=\"elementor-container elementor-column-gap-default\">\n\t\t\t\t\t\t\t<div class=\"elementor-row\">\n\t\t\t\t\t<div class=\"elementor-column elementor-col-100 elementor-top-column elementor-element elementor-element-7fdc2fe\" data-id=\"7fdc2fe\" data-element_type=\"column\">\n\t\t\t<div class=\"elementor-column-wrap elementor-element-populated\">\n\t\t\t\t\t\t\t<div class=\"elementor-widget-wrap\">\n\t\t\t\t\t\t<div class=\"elementor-element elementor-element-691a3b3 elementor-widget elementor-widget-text-editor\" data-id=\"691a3b3\" data-element_type=\"widget\" data-widget_type=\"text-editor.default\">\n\t\t\t\t<div class=\"elementor-widget-container\">\n\t\t\t\t\t\t\t\t<div class=\"elementor-text-editor elementor-clearfix\">\n\t\t\t\t<p>Die Bewerbungszeitraum f\u00fcr die Kleinprojekte 2023 ist beendet (Fristende: 30.04.2023). Insgesamt sind 27 Projektbewerbungen f\u00fcr die diesj\u00e4hrige potenzielle F\u00f6rderung \u00fcber das Programm \u201eKleinprojekte zur Umsetzung regionaler Entwicklungsstrategien\u201c (Regionalbudget) eingegangen. Wir freuen uns \u00fcber die positive Resonanz aus der Dorfbev\u00f6lkerung. In den vergangenen Jahren konnten bereits \u00fcber 30 Projekte \u00fcber das Programm \u201eKleinprojekte\u201c in der Westzipfelregion gef\u00f6rdert und damit realisiert werden.<\/p>\n<p>Im n\u00e4chsten Schritt werden die eingegangenen Projektbewerbungen unserem Projektauswahlgremium, der Lenkungsgruppe, weitergeleitet, das die Sichtung und Bewertung aller Bewerbungen f\u00fcr die LAG \u00fcbernimmt.<\/p>\n<p>Aus organisatorischen Gr\u00fcnden musste die <strong>Sitzung der Lenkungsgruppe f\u00fcr die Projektauswahl der Kleinprojekte 2023 auf Mittwoch, den 24.05.2023,<\/strong> <strong>verschoben<\/strong> werden. Die Lenkungsgruppe tagt nicht \u00f6ffentlich. \u00dcber den Ausgang der Auswahlsitzung werden alle Bewerber zeitnah nach der Sitzung informiert.<\/p>\n<p>Nach der erfolgten Projektauswahl durch die Lenkungsgruppe, haben alle (ausgew\u00e4hlten) Bewerber, sofern in unserem diesj\u00e4hrigen Topf ausreichend F\u00f6rdermittel von Bund und Land zur Verf\u00fcgung stehen (H\u00f6he der Mittelverf\u00fcgbarkeit derzeit leider noch nicht bekannt), die M\u00f6glichkeit, ihre Antr\u00e4ge zu finalisieren und auf den Abschluss eines Weiterleitungsvertrages hinzuarbeiten, der letztlich zum Projektstart berechtigt.<\/p>\n<p>Weitere Informationen zur Kleinprojekte-F\u00f6rderung in der Westzipfelregion finden Sie <a href=\"https:\/\/www.westzipfelregion.de\/verein\/assets\/sites\/3\/2023\/01\/Infos-Kleinprojekte-Foerderung-Westzipfelregion.pdf\">hier<\/a>!<\/p>\n<p>Neugierig geworden? Die eingegangenen Projektideen werden in K\u00fcrze auf unserer Website ver\u00f6ffentlicht. Vorbeischauen lohnt sich!<\/p>\t\t\t\t\t<\/div>\n\t\t\t\t\t\t<\/div>\n\t\t\t\t<\/div>\n\t\t\t\t\t\t<\/div>\n\t\t\t\t\t<\/div>\n\t\t<\/div>\n\t\t\t\t\t\t\t\t<\/div>\n\t\t\t\t\t<\/div>\n\t\t<\/section>\n\t\t\t\t\t\t<\/div>\n\t\t\t\t\t\t<\/div>\n\t\t\t\t\t<\/div>\n\t\t","protected":false},"excerpt":{"rendered":"<p>Die Bewerbungszeitraum f\u00fcr die Kleinprojekte 2023 ist beendet (Fristende: 30.04.2023). Insgesamt sind 27 Projektbewerbungen f\u00fcr die diesj\u00e4hrige potenzielle F\u00f6rderung \u00fcber das Programm \u201eKleinprojekte zur Umsetzung regionaler Entwicklungsstrategien\u201c (Regionalbudget) eingegangen. Wir freuen uns \u00fcber die positive Resonanz aus der Dorfbev\u00f6lkerung. In den vergangenen Jahren konnten bereits \u00fcber 30 Projekte \u00fcber das Programm \u201eKleinprojekte\u201c in der Westzipfelregion &hellip;<\/p>\n<p class=\"read-more\"> <a class=\"\" href=\"https:\/\/www.westzipfelregion.de\/verein\/2023\/05\/04\/projektaufruf-kleinprojekte-2023-beendet\/\"> <span class=\"screen-reader-text\">Projektaufruf Kleinprojekte 2023 beendet!<\/span> Weiterlesen &raquo;<\/a><\/p>\n","protected":false},"author":9,"featured_media":7250,"comment_status":"open","ping_status":"open","sticky":false,"template":"","format":"standard","meta":{"site-sidebar-layout":"","site-content-layout":"","ast-main-header-display":"","ast-hfb-above-header-display":"","ast-hfb-mobile-header-display":"","site-post-title":"","ast-breadcrumbs-content":"","ast-featured-img":"","footer-sml-layout":"","theme-transparent-header-meta":"","adv-header-id-meta":"","stick-header-meta":"","header-above-stick-meta":"","header-main-stick-meta":"","header-below-stick-meta":""},"categories":[1],"tags":[],"_links":{"self":[{"href":"https:\/\/www.westzipfelregion.de\/verein\/wp-json\/wp\/v2\/posts\/7249"}],"collection":[{"href":"https:\/\/www.westzipfelregion.de\/verein\/wp-json\/wp\/v2\/posts"}],"about":[{"href":"https:\/\/www.westzipfelregion.de\/verein\/wp-json\/wp\/v2\/types\/post"}],"author":[{"embeddable":true,"href":"https:\/\/www.westzipfelregion.de\/verein\/wp-json\/wp\/v2\/users\/9"}],"replies":[{"embeddable":true,"href":"https:\/\/www.westzipfelregion.de\/verein\/wp-json\/wp\/v2\/comments?post=7249"}],"version-history":[{"count":10,"href":"https:\/\/www.westzipfelregion.de\/verein\/wp-json\/wp\/v2\/posts\/7249\/revisions"}],"predecessor-version":[{"id":7268,"href":"https:\/\/www.westzipfelregion.de\/verein\/wp-json\/wp\/v2\/posts\/7249\/revisions\/7268"}],"wp:featuredmedia":[{"embeddable":true,"href":"https:\/\/www.westzipfelregion.de\/verein\/wp-json\/wp\/v2\/media\/7250"}],"wp:attachment":[{"href":"https:\/\/www.westzipfelregion.de\/verein\/wp-json\/wp\/v2\/media?parent=7249"}],"wp:term":[{"taxonomy":"category","embeddable":true,"href":"https:\/\/www.westzipfelregion.de\/verein\/wp-json\/wp\/v2\/categories?post=7249"},{"taxonomy":"post_tag","embeddable":true,"href":"https:\/\/www.westzipfelregion.de\/verein\/wp-json\/wp\/v2\/tags?post=7249"}],"curies":[{"name":"wp","href":"https:\/\/api.w.org\/{rel}","templated":true}]}}