{"id":5947,"date":"2022-11-29T12:15:53","date_gmt":"2022-11-29T11:15:53","guid":{"rendered":"https:\/\/www.westzipfelregion.de\/verein\/?p=5947"},"modified":"2022-11-29T12:42:21","modified_gmt":"2022-11-29T11:42:21","slug":"westzipfelregion-auf-dem-gangelter-weihnachtsmarkt-2","status":"publish","type":"post","link":"https:\/\/www.westzipfelregion.de\/verein\/2022\/11\/29\/westzipfelregion-auf-dem-gangelter-weihnachtsmarkt-2\/","title":{"rendered":"Westzipfelregion auf dem Gangelter Weihnachtsmarkt"},"content":{"rendered":"\t\t<div data-elementor-type=\"wp-post\" data-elementor-id=\"5947\" class=\"elementor elementor-5947\" data-elementor-settings=\"[]\">\n\t\t\t\t\t\t<div class=\"elementor-inner\">\n\t\t\t\t\t\t\t<div class=\"elementor-section-wrap\">\n\t\t\t\t\t\t\t<section class=\"elementor-section elementor-top-section elementor-element elementor-element-85d71f5 elementor-section-boxed elementor-section-height-default elementor-section-height-default\" data-id=\"85d71f5\" data-element_type=\"section\">\n\t\t\t\t\t\t<div class=\"elementor-container elementor-column-gap-default\">\n\t\t\t\t\t\t\t<div class=\"elementor-row\">\n\t\t\t\t\t<div class=\"elementor-column elementor-col-100 elementor-top-column elementor-element elementor-element-fcc68e2\" data-id=\"fcc68e2\" data-element_type=\"column\">\n\t\t\t<div class=\"elementor-column-wrap elementor-element-populated\">\n\t\t\t\t\t\t\t<div class=\"elementor-widget-wrap\">\n\t\t\t\t\t\t<div class=\"elementor-element elementor-element-bad638b elementor-widget elementor-widget-text-editor\" data-id=\"bad638b\" data-element_type=\"widget\" data-widget_type=\"text-editor.default\">\n\t\t\t\t<div class=\"elementor-widget-container\">\n\t\t\t\t\t\t\t\t<div class=\"elementor-text-editor elementor-clearfix\">\n\t\t\t\t<p>Mittlerweile ist es schon zur Tradition geworden, dass die Westzipfelregion sich mit einem Stand am Gangelter Weihnachtsmarkt beteiligt. So auch in diesem Jahr:<\/p><p>Vielen ist er sicher besser bekannt als &#8222;Der Gangelter Nikolausmarkt&#8220;. Dieser wird seit dem letzten Jahr von dem neuen Gangelter Weihnachtsmarkt abgel\u00f6st, der nun schon im zweiten Jahr auf dem Conzenhof in Gangelt stattfinden konnte.\u00a0<\/p><p>Am 1.-Advent-Wochenende war es dann endlich soweit und wir durften gemeinsam mit der Gemeinde Gangelt einen Infostand besetzen. Neben wertvollen Infos zum geplanten Umbau der Sittarder Stra\u00dfe (St\u00e4dtebauf\u00f6rderung), kamen wir mit vielen interessierten B\u00fcrgerinnen und B\u00fcrger \u00fcber die Potenziale der Gemeinde oder der gesamten Region ins Gespr\u00e4ch.<\/p><p><strong>Gro\u00dfe Mitmach-Aktion bei der Westzipfelregion<br \/><\/strong> <br \/>Durch die Teilnahme an unserer Befragung h\u00fcpften alle Teilnehmerinnen und Teilnehmer automatisch in unseren Lostopf, denn dieses Jahr konnten wir zum ersten Mal eine Tombola veranstalten, mit vielen tollen Preisen aus der Region. \u00a0Wir wollten wissen: Was bewegt Dich in Gangelt? Wo kann die Gemeinde sich noch mehr verbessern? Die Gewinner wurden am Sonnabend von uns kontaktiert und erfreuen sich \u00fcber einen der folgenden Preise:\u00a0\u00a0<\/p><ol><li>Preis: Eine Familien-Jahreskarte f\u00fcr den Wildpark Gangelt\u00a0<\/li><li>Preis: Eine Jahreskarte f\u00fcr das Freibad in Gangelt<\/li><li>Preis: Ein Pr\u00e4sentkorb von Obsthof Dreissen<\/li><\/ol><p>Wir blicken zur\u00fcck auf ein sch\u00f6nes Wochenende und freuen uns auf alles, was noch kommt. Denn eins ist sicher: Die Ideen der B\u00fcrgerinnen und B\u00fcrger sind vielf\u00e4ltig, das Potenzial unumstritten.\u00a0<\/p><p>#zukunftgemeinsamgestalten<\/p>\t\t\t\t\t<\/div>\n\t\t\t\t\t\t<\/div>\n\t\t\t\t<\/div>\n\t\t\t\t<div class=\"elementor-element elementor-element-6c7ffe2 elementor-widget elementor-widget-image\" data-id=\"6c7ffe2\" data-element_type=\"widget\" data-widget_type=\"image.default\">\n\t\t\t\t<div class=\"elementor-widget-container\">\n\t\t\t\t\t\t\t\t<div class=\"elementor-image\">\n\t\t\t\t\t\t\t\t\t\t\t\t<img width=\"1024\" height=\"768\" src=\"https:\/\/www.westzipfelregion.de\/verein\/assets\/sites\/3\/2022\/11\/IMG_0147-1-1024x768.jpg\" class=\"attachment-large size-large\" alt=\"\" loading=\"lazy\" srcset=\"https:\/\/www.westzipfelregion.de\/verein\/assets\/sites\/3\/2022\/11\/IMG_0147-1-1024x768.jpg 1024w, https:\/\/www.westzipfelregion.de\/verein\/assets\/sites\/3\/2022\/11\/IMG_0147-1-300x225.jpg 300w, https:\/\/www.westzipfelregion.de\/verein\/assets\/sites\/3\/2022\/11\/IMG_0147-1-768x576.jpg 768w, https:\/\/www.westzipfelregion.de\/verein\/assets\/sites\/3\/2022\/11\/IMG_0147-1-1536x1152.jpg 1536w, https:\/\/www.westzipfelregion.de\/verein\/assets\/sites\/3\/2022\/11\/IMG_0147-1-2048x1536.jpg 2048w\" sizes=\"(max-width: 1024px) 100vw, 1024px\" \/>\t\t\t\t\t\t\t\t\t\t\t\t\t\t<\/div>\n\t\t\t\t\t\t<\/div>\n\t\t\t\t<\/div>\n\t\t\t\t\t\t<\/div>\n\t\t\t\t\t<\/div>\n\t\t<\/div>\n\t\t\t\t\t\t\t\t<\/div>\n\t\t\t\t\t<\/div>\n\t\t<\/section>\n\t\t\t\t<section class=\"elementor-section elementor-top-section elementor-element elementor-element-baaac7e elementor-section-boxed elementor-section-height-default elementor-section-height-default\" data-id=\"baaac7e\" data-element_type=\"section\">\n\t\t\t\t\t\t<div class=\"elementor-container elementor-column-gap-default\">\n\t\t\t\t\t\t\t<div class=\"elementor-row\">\n\t\t\t\t\t<div class=\"elementor-column elementor-col-100 elementor-top-column elementor-element elementor-element-84e6a5b\" data-id=\"84e6a5b\" data-element_type=\"column\">\n\t\t\t<div class=\"elementor-column-wrap elementor-element-populated\">\n\t\t\t\t\t\t\t<div class=\"elementor-widget-wrap\">\n\t\t\t\t\t\t<div class=\"elementor-element elementor-element-399e4a0 elementor-widget elementor-widget-heading\" data-id=\"399e4a0\" data-element_type=\"widget\" data-widget_type=\"heading.default\">\n\t\t\t\t<div class=\"elementor-widget-container\">\n\t\t\t<h1 class=\"elementor-heading-title elementor-size-small\">Blicken zufrieden auf die Ergebnisse der vergangenen Tage zur\u00fcck: \n\nHarry Smeets (Quartiersbeirat Gangelt), Willibert Mevissen (Gemeinde Gangelt), G\u00fclsen Litherland (Quartiersmanagement Westzipfelregion), Guido Willems (B\u00fcrgermeister Gangelt), Julia Mulder (Regionalmanagement  Westzipfelregion), Bernd Kr\u00fcckel (Landtagsabgeordneter CDU)\n(v.l.n.r.)<\/h1>\t\t<\/div>\n\t\t\t\t<\/div>\n\t\t\t\t\t\t<\/div>\n\t\t\t\t\t<\/div>\n\t\t<\/div>\n\t\t\t\t\t\t\t\t<\/div>\n\t\t\t\t\t<\/div>\n\t\t<\/section>\n\t\t\t\t\t\t<\/div>\n\t\t\t\t\t\t<\/div>\n\t\t\t\t\t<\/div>\n\t\t","protected":false},"excerpt":{"rendered":"<p>Mittlerweile ist es schon zur Tradition geworden, dass die Westzipfelregion sich mit einem Stand am Gangelter Weihnachtsmarkt beteiligt. So auch in diesem Jahr: Vielen ist er sicher besser bekannt als &#8222;Der Gangelter Nikolausmarkt&#8220;. Dieser wird seit dem letzten Jahr von dem neuen Gangelter Weihnachtsmarkt abgel\u00f6st, der nun schon im zweiten Jahr auf dem Conzenhof in &hellip;<\/p>\n<p class=\"read-more\"> <a class=\"\" href=\"https:\/\/www.westzipfelregion.de\/verein\/2022\/11\/29\/westzipfelregion-auf-dem-gangelter-weihnachtsmarkt-2\/\"> <span class=\"screen-reader-text\">Westzipfelregion auf dem Gangelter Weihnachtsmarkt<\/span> Weiterlesen &raquo;<\/a><\/p>\n","protected":false},"author":9,"featured_media":5949,"comment_status":"open","ping_status":"open","sticky":false,"template":"","format":"standard","meta":{"site-sidebar-layout":"","site-content-layout":"","ast-main-header-display":"","ast-hfb-above-header-display":"","ast-hfb-mobile-header-display":"","site-post-title":"","ast-breadcrumbs-content":"","ast-featured-img":"","footer-sml-layout":"","theme-transparent-header-meta":"","adv-header-id-meta":"","stick-header-meta":"","header-above-stick-meta":"","header-main-stick-meta":"","header-below-stick-meta":""},"categories":[1],"tags":[],"_links":{"self":[{"href":"https:\/\/www.westzipfelregion.de\/verein\/wp-json\/wp\/v2\/posts\/5947"}],"collection":[{"href":"https:\/\/www.westzipfelregion.de\/verein\/wp-json\/wp\/v2\/posts"}],"about":[{"href":"https:\/\/www.westzipfelregion.de\/verein\/wp-json\/wp\/v2\/types\/post"}],"author":[{"embeddable":true,"href":"https:\/\/www.westzipfelregion.de\/verein\/wp-json\/wp\/v2\/users\/9"}],"replies":[{"embeddable":true,"href":"https:\/\/www.westzipfelregion.de\/verein\/wp-json\/wp\/v2\/comments?post=5947"}],"version-history":[{"count":16,"href":"https:\/\/www.westzipfelregion.de\/verein\/wp-json\/wp\/v2\/posts\/5947\/revisions"}],"predecessor-version":[{"id":5968,"href":"https:\/\/www.westzipfelregion.de\/verein\/wp-json\/wp\/v2\/posts\/5947\/revisions\/5968"}],"wp:featuredmedia":[{"embeddable":true,"href":"https:\/\/www.westzipfelregion.de\/verein\/wp-json\/wp\/v2\/media\/5949"}],"wp:attachment":[{"href":"https:\/\/www.westzipfelregion.de\/verein\/wp-json\/wp\/v2\/media?parent=5947"}],"wp:term":[{"taxonomy":"category","embeddable":true,"href":"https:\/\/www.westzipfelregion.de\/verein\/wp-json\/wp\/v2\/categories?post=5947"},{"taxonomy":"post_tag","embeddable":true,"href":"https:\/\/www.westzipfelregion.de\/verein\/wp-json\/wp\/v2\/tags?post=5947"}],"curies":[{"name":"wp","href":"https:\/\/api.w.org\/{rel}","templated":true}]}}