{"id":5882,"date":"2022-09-01T08:29:51","date_gmt":"2022-09-01T06:29:51","guid":{"rendered":"https:\/\/www.westzipfelregion.de\/verein\/?p=5882"},"modified":"2022-09-01T08:46:39","modified_gmt":"2022-09-01T06:46:39","slug":"kleinprojekte-foerderung-2022","status":"publish","type":"post","link":"https:\/\/www.westzipfelregion.de\/verein\/2022\/09\/01\/kleinprojekte-foerderung-2022\/","title":{"rendered":"Kleinprojekte-F\u00f6rderung 2022"},"content":{"rendered":"\t\t<div data-elementor-type=\"wp-post\" data-elementor-id=\"5882\" class=\"elementor elementor-5882\" data-elementor-settings=\"[]\">\n\t\t\t\t\t\t<div class=\"elementor-inner\">\n\t\t\t\t\t\t\t<div class=\"elementor-section-wrap\">\n\t\t\t\t\t\t\t<section class=\"elementor-section elementor-top-section elementor-element elementor-element-77c2e60 elementor-section-boxed elementor-section-height-default elementor-section-height-default\" data-id=\"77c2e60\" data-element_type=\"section\">\n\t\t\t\t\t\t<div class=\"elementor-container elementor-column-gap-default\">\n\t\t\t\t\t\t\t<div class=\"elementor-row\">\n\t\t\t\t\t<div class=\"elementor-column elementor-col-100 elementor-top-column elementor-element elementor-element-406345c\" data-id=\"406345c\" data-element_type=\"column\">\n\t\t\t<div class=\"elementor-column-wrap elementor-element-populated\">\n\t\t\t\t\t\t\t<div class=\"elementor-widget-wrap\">\n\t\t\t\t\t\t<div class=\"elementor-element elementor-element-c00b7be elementor-widget elementor-widget-text-editor\" data-id=\"c00b7be\" data-element_type=\"widget\" data-widget_type=\"text-editor.default\">\n\t\t\t\t<div class=\"elementor-widget-container\">\n\t\t\t\t\t\t\t\t<div class=\"elementor-text-editor elementor-clearfix\">\n\t\t\t\t<p>Ob der Bau eines neuen Mehrgenerationenspielplatzes, die Ausstattung von B\u00fcrgerh\u00e4usern, oder die Schaffung von neuen, \u00f6ffentlichen Treffpunkten in den Ortschaften: Die Palette der Kleinprojekte f\u00fcr 2022 ist breit gef\u00e4chert!<\/p><p>Insgesamt 17 Projektbewerbungen sind in diesem Jahr f\u00fcr eine F\u00f6rderung \u00fcber das \u201eRegionalbudget\u201c bei der Lokalen Aktionsgruppe eingegangen. Bei ihrer Sitzung erkl\u00e4rte die Lenkungsgruppe alle eingegangenen Bewerbungen f\u00fcr f\u00f6rderw\u00fcrdig, sodass alle Bewerber die M\u00f6glichkeit haben, einen F\u00f6rderantrag zu stellen:<\/p><ul><li><a href=\"https:\/\/www.westzipfelregion.de\/verein\/2022\/03\/24\/einrichtung-einer-buecherstube-mit-umfeldgestaltung\/\">Errichtung einer B\u00fccherstube mit Umfeldgestaltung<\/a><\/li><li><a href=\"https:\/\/www.westzipfelregion.de\/verein\/2022\/03\/24\/facettenreich-eine-kunstschmiede-fuer-jedermann\/\">FacettenReich &#8211; Eine Kunstschmiede f\u00fcr Jedermann<\/a><\/li><li><a href=\"https:\/\/www.westzipfelregion.de\/verein\/2022\/03\/24\/mehrgenerationen-spielplatz\/\">Mehrgenerationen Spielplatz<\/a><\/li><li><a href=\"https:\/\/www.westzipfelregion.de\/verein\/2022\/03\/24\/einbau-einer-kuechenzeile-im-jugendheim-schleiden\/\">Einbau einer K\u00fcchenzeile im Jugendheim Schleiden<\/a><\/li><li><a href=\"https:\/\/www.westzipfelregion.de\/verein\/2022\/03\/24\/ausstattung-und-einrichtung-des-generationenuebergreifenden-treffpunktes-im-integrativen-sportpark-hoengen\/\">Ausstattung und Einrichtung des generationen\u00fcbergreifenden Treffpunktes im integrativen Sportpark H\u00f6ngen<\/a><\/li><li><a href=\"https:\/\/www.westzipfelregion.de\/verein\/2022\/03\/24\/kueche-fuer-neues-buergerhaus\/\">K\u00fcche B\u00fcrgerhaus Aphoven<\/a><\/li><li><a href=\"https:\/\/www.westzipfelregion.de\/verein\/2022\/03\/24\/sanierung-der-begegnungsstaette-alte-schule-in-der-gemeinde-waldfeucht-ortsteil-bocket-nach-energetischen-und-hygienischen-standards\/\">Sanierung der Begegnungsst\u00e4tte &#8222;Alte Schule&#8220; in der Gemeinde Waldfeucht, Ortsteil Bocket, nach energetischen und hygienischen Standards<\/a><\/li><li><a href=\"https:\/\/www.westzipfelregion.de\/verein\/2022\/03\/24\/einrichtung-fuer-das-dorfgemeinschaftshaus\/\">Einrichtung f\u00fcr das Dorfgemeinschaftshaus<\/a><\/li><li><a href=\"https:\/\/www.westzipfelregion.de\/verein\/2022\/03\/24\/einrichtung-eines-jeu-de-boules-platzes-in-selfkant-hillensberg\/\">Errichtung eines Jeu de Boules Platzes in Selfkant-Hillensberg<\/a><\/li><li><a href=\"https:\/\/www.westzipfelregion.de\/verein\/2021\/04\/09\/begehbare-kuehleinheit\/\">Begehbare K\u00fchleinheit<\/a><\/li><li><a href=\"https:\/\/www.westzipfelregion.de\/verein\/2022\/03\/24\/lautsprecheranlage-buergertreff-waldfeucht\/\">Lautsprecheranlage B\u00fcrgertreff Waldfeucht<\/a><\/li><li><a href=\"https:\/\/www.westzipfelregion.de\/verein\/2022\/03\/24\/touristische-aufwertung-des-dorfplatzes-isenbruch\/\">Touristische Aufwertung des Dorfplatzes Isenbruch<\/a><\/li><li><a href=\"https:\/\/www.westzipfelregion.de\/verein\/2022\/03\/24\/urinale-am-sportplatz-oberbruch\/\">Urinale am Sportplatz Oberbruch<\/a><\/li><li><a href=\"https:\/\/www.westzipfelregion.de\/verein\/2022\/03\/24\/terrasse-mit-oeffentlichem-grillplatz\/\">Terrasse mit \u00f6ffentlichem Grillplatz<\/a><\/li><li><a href=\"https:\/\/www.westzipfelregion.de\/verein\/2022\/03\/24\/digitalisierung-der-schiesssportanlage-luftgewehr-in-der-westzipfelhalle\/\">Digitalisierung der Schie\u00dfsportanlage &#8222;Luftgewehr&#8220; in der Westzipfelhalle<\/a><\/li><li><a href=\"https:\/\/www.westzipfelregion.de\/verein\/2022\/03\/24\/transportwagen-zum-transport-von-einrichtungsgegenstaenden-des-buergerhauses-in-hillensberg\/\">Transportkarren zum Transport von Einrichtungsgegenst\u00e4nden des B\u00fcrgerhauses in Hillensberg<\/a><\/li><li><a href=\"https:\/\/www.westzipfelregion.de\/verein\/2022\/03\/24\/klimatisierung-des-vereinsheims\/\">Klimatisierung des Vereinsheims<\/a><\/li><\/ul><p>Wir freuen uns, dass die ersten Projekte bereits an den Start gehen konnten und w\u00fcnschen allen Projekttr\u00e4gern viel Erfolg bei der Umsetzung ihrer Projekte!<\/p>\t\t\t\t\t<\/div>\n\t\t\t\t\t\t<\/div>\n\t\t\t\t<\/div>\n\t\t\t\t\t\t<\/div>\n\t\t\t\t\t<\/div>\n\t\t<\/div>\n\t\t\t\t\t\t\t\t<\/div>\n\t\t\t\t\t<\/div>\n\t\t<\/section>\n\t\t\t\t\t\t<\/div>\n\t\t\t\t\t\t<\/div>\n\t\t\t\t\t<\/div>\n\t\t","protected":false},"excerpt":{"rendered":"<p>Ob der Bau eines neuen Mehrgenerationenspielplatzes, die Ausstattung von B\u00fcrgerh\u00e4usern, oder die Schaffung von neuen, \u00f6ffentlichen Treffpunkten in den Ortschaften: Die Palette der Kleinprojekte f\u00fcr 2022 ist breit gef\u00e4chert! Insgesamt 17 Projektbewerbungen sind in diesem Jahr f\u00fcr eine F\u00f6rderung \u00fcber das \u201eRegionalbudget\u201c bei der Lokalen Aktionsgruppe eingegangen. Bei ihrer Sitzung erkl\u00e4rte die Lenkungsgruppe alle eingegangenen &hellip;<\/p>\n<p class=\"read-more\"> <a class=\"\" href=\"https:\/\/www.westzipfelregion.de\/verein\/2022\/09\/01\/kleinprojekte-foerderung-2022\/\"> <span class=\"screen-reader-text\">Kleinprojekte-F\u00f6rderung 2022<\/span> Weiterlesen &raquo;<\/a><\/p>\n","protected":false},"author":9,"featured_media":5883,"comment_status":"open","ping_status":"open","sticky":false,"template":"","format":"standard","meta":{"site-sidebar-layout":"","site-content-layout":"","ast-main-header-display":"","ast-hfb-above-header-display":"","ast-hfb-mobile-header-display":"","site-post-title":"","ast-breadcrumbs-content":"","ast-featured-img":"","footer-sml-layout":"","theme-transparent-header-meta":"","adv-header-id-meta":"","stick-header-meta":"","header-above-stick-meta":"","header-main-stick-meta":"","header-below-stick-meta":""},"categories":[1],"tags":[],"_links":{"self":[{"href":"https:\/\/www.westzipfelregion.de\/verein\/wp-json\/wp\/v2\/posts\/5882"}],"collection":[{"href":"https:\/\/www.westzipfelregion.de\/verein\/wp-json\/wp\/v2\/posts"}],"about":[{"href":"https:\/\/www.westzipfelregion.de\/verein\/wp-json\/wp\/v2\/types\/post"}],"author":[{"embeddable":true,"href":"https:\/\/www.westzipfelregion.de\/verein\/wp-json\/wp\/v2\/users\/9"}],"replies":[{"embeddable":true,"href":"https:\/\/www.westzipfelregion.de\/verein\/wp-json\/wp\/v2\/comments?post=5882"}],"version-history":[{"count":13,"href":"https:\/\/www.westzipfelregion.de\/verein\/wp-json\/wp\/v2\/posts\/5882\/revisions"}],"predecessor-version":[{"id":5900,"href":"https:\/\/www.westzipfelregion.de\/verein\/wp-json\/wp\/v2\/posts\/5882\/revisions\/5900"}],"wp:featuredmedia":[{"embeddable":true,"href":"https:\/\/www.westzipfelregion.de\/verein\/wp-json\/wp\/v2\/media\/5883"}],"wp:attachment":[{"href":"https:\/\/www.westzipfelregion.de\/verein\/wp-json\/wp\/v2\/media?parent=5882"}],"wp:term":[{"taxonomy":"category","embeddable":true,"href":"https:\/\/www.westzipfelregion.de\/verein\/wp-json\/wp\/v2\/categories?post=5882"},{"taxonomy":"post_tag","embeddable":true,"href":"https:\/\/www.westzipfelregion.de\/verein\/wp-json\/wp\/v2\/tags?post=5882"}],"curies":[{"name":"wp","href":"https:\/\/api.w.org\/{rel}","templated":true}]}}