{"id":5524,"date":"2022-03-24T18:19:18","date_gmt":"2022-03-24T17:19:18","guid":{"rendered":"https:\/\/www.westzipfelregion.de\/verein\/?p=5524"},"modified":"2022-12-20T16:05:04","modified_gmt":"2022-12-20T15:05:04","slug":"klimatisierung-des-vereinsheims","status":"publish","type":"post","link":"https:\/\/www.westzipfelregion.de\/verein\/2022\/03\/24\/klimatisierung-des-vereinsheims\/","title":{"rendered":"Klimatisierung des Vereinsheims"},"content":{"rendered":"\t\t<div data-elementor-type=\"wp-post\" data-elementor-id=\"5524\" class=\"elementor elementor-5524\" data-elementor-settings=\"[]\">\n\t\t\t\t\t\t<div class=\"elementor-inner\">\n\t\t\t\t\t\t\t<div class=\"elementor-section-wrap\">\n\t\t\t\t\t\t\t<section class=\"elementor-section elementor-top-section elementor-element elementor-element-d66496d elementor-section-boxed elementor-section-height-default elementor-section-height-default\" data-id=\"d66496d\" data-element_type=\"section\">\n\t\t\t\t\t\t<div class=\"elementor-container elementor-column-gap-default\">\n\t\t\t\t\t\t\t<div class=\"elementor-row\">\n\t\t\t\t\t<div class=\"elementor-column elementor-col-100 elementor-top-column elementor-element elementor-element-1fa9378\" data-id=\"1fa9378\" data-element_type=\"column\">\n\t\t\t<div class=\"elementor-column-wrap elementor-element-populated\">\n\t\t\t\t\t\t\t<div class=\"elementor-widget-wrap\">\n\t\t\t\t\t\t<div class=\"elementor-element elementor-element-37607df elementor-widget elementor-widget-text-editor\" data-id=\"37607df\" data-element_type=\"widget\" data-widget_type=\"text-editor.default\">\n\t\t\t\t<div class=\"elementor-widget-container\">\n\t\t\t\t\t\t\t\t<div class=\"elementor-text-editor elementor-clearfix\">\n\t\t\t\t<p><strong>REGIONALBUDGET<\/strong><\/p><p>Handlungsfeld: Regionale Entwicklung &amp; Nahversorgung<br \/>GAK-Rahmenplan: 4.0 Dorfentwicklung<\/p><p>Antragsteller: St. Severinus Sch\u00fctzenbruderschaft Wehr e.V.<\/p><p>Projektgebiet: Selfkant &#8211; Wehr<\/p><p>Projektidee:<\/p><p>Das Dorfzentrum, also das Vereinsheim der Sch\u00fctzenbruderschaft Wehr, ist die zentrale kulturelle Begegnungsst\u00e4tte in Wehr. Es ist zwar eine vorgeschriebene L\u00fcftungsanlage, diese bef\u00f6rdert jedoch in Hitzeperioden die stark erw\u00e4rmte Luft nach innen. Der jetzt vorhandene Zustand wirft erhebliche Bel\u00e4stigungen bei den Musikern, S\u00e4ngern und Besuchern auf. Um diesem Problem entgegenzuwirken, soll nun eine Klimaanlage angeschafft und installiert werden.<\/p><p>Zu f\u00f6rdernde Ma\u00dfnahme: Anschaffung\/Installation einer Klimaanlage<\/p>\t\t\t\t\t<\/div>\n\t\t\t\t\t\t<\/div>\n\t\t\t\t<\/div>\n\t\t\t\t\t\t<\/div>\n\t\t\t\t\t<\/div>\n\t\t<\/div>\n\t\t\t\t\t\t\t\t<\/div>\n\t\t\t\t\t<\/div>\n\t\t<\/section>\n\t\t\t\t\t\t<\/div>\n\t\t\t\t\t\t<\/div>\n\t\t\t\t\t<\/div>\n\t\t","protected":false},"excerpt":{"rendered":"<p>REGIONALBUDGET Handlungsfeld: Regionale Entwicklung &amp; Nahversorgung GAK-Rahmenplan: 4.0 Dorfentwicklung Antragsteller: St. Severinus Sch\u00fctzenbruderschaft Wehr e.V. Projektgebiet: Selfkant &#8211; Wehr Projektidee: Das Dorfzentrum, also das Vereinsheim der Sch\u00fctzenbruderschaft Wehr, ist die zentrale kulturelle Begegnungsst\u00e4tte in Wehr. Es ist zwar eine vorgeschriebene L\u00fcftungsanlage, diese bef\u00f6rdert jedoch in Hitzeperioden die stark erw\u00e4rmte Luft nach innen. Der jetzt vorhandene &hellip;<\/p>\n<p class=\"read-more\"> <a class=\"\" href=\"https:\/\/www.westzipfelregion.de\/verein\/2022\/03\/24\/klimatisierung-des-vereinsheims\/\"> <span class=\"screen-reader-text\">Klimatisierung des Vereinsheims<\/span> Weiterlesen &raquo;<\/a><\/p>\n","protected":false},"author":9,"featured_media":5525,"comment_status":"open","ping_status":"open","sticky":false,"template":"","format":"standard","meta":{"site-sidebar-layout":"","site-content-layout":"","ast-main-header-display":"","ast-hfb-above-header-display":"","ast-hfb-mobile-header-display":"","site-post-title":"","ast-breadcrumbs-content":"","ast-featured-img":"","footer-sml-layout":"","theme-transparent-header-meta":"","adv-header-id-meta":"","stick-header-meta":"","header-above-stick-meta":"","header-main-stick-meta":"","header-below-stick-meta":""},"categories":[],"tags":[],"_links":{"self":[{"href":"https:\/\/www.westzipfelregion.de\/verein\/wp-json\/wp\/v2\/posts\/5524"}],"collection":[{"href":"https:\/\/www.westzipfelregion.de\/verein\/wp-json\/wp\/v2\/posts"}],"about":[{"href":"https:\/\/www.westzipfelregion.de\/verein\/wp-json\/wp\/v2\/types\/post"}],"author":[{"embeddable":true,"href":"https:\/\/www.westzipfelregion.de\/verein\/wp-json\/wp\/v2\/users\/9"}],"replies":[{"embeddable":true,"href":"https:\/\/www.westzipfelregion.de\/verein\/wp-json\/wp\/v2\/comments?post=5524"}],"version-history":[{"count":8,"href":"https:\/\/www.westzipfelregion.de\/verein\/wp-json\/wp\/v2\/posts\/5524\/revisions"}],"predecessor-version":[{"id":5656,"href":"https:\/\/www.westzipfelregion.de\/verein\/wp-json\/wp\/v2\/posts\/5524\/revisions\/5656"}],"wp:featuredmedia":[{"embeddable":true,"href":"https:\/\/www.westzipfelregion.de\/verein\/wp-json\/wp\/v2\/media\/5525"}],"wp:attachment":[{"href":"https:\/\/www.westzipfelregion.de\/verein\/wp-json\/wp\/v2\/media?parent=5524"}],"wp:term":[{"taxonomy":"category","embeddable":true,"href":"https:\/\/www.westzipfelregion.de\/verein\/wp-json\/wp\/v2\/categories?post=5524"},{"taxonomy":"post_tag","embeddable":true,"href":"https:\/\/www.westzipfelregion.de\/verein\/wp-json\/wp\/v2\/tags?post=5524"}],"curies":[{"name":"wp","href":"https:\/\/api.w.org\/{rel}","templated":true}]}}