{"id":4309,"date":"2021-05-27T11:36:40","date_gmt":"2021-05-27T09:36:40","guid":{"rendered":"https:\/\/www.westzipfelregion.de\/verein\/?p=4309"},"modified":"2021-07-01T16:24:54","modified_gmt":"2021-07-01T14:24:54","slug":"die-ersten-kleinprojekte-fuer-das-jahr-2021-starten-mit-der-umsetzung","status":"publish","type":"post","link":"https:\/\/www.westzipfelregion.de\/verein\/2021\/05\/27\/die-ersten-kleinprojekte-fuer-das-jahr-2021-starten-mit-der-umsetzung\/","title":{"rendered":"Die ersten &#8222;Kleinprojekte&#8220; f\u00fcr 2021 beginnen mit der Umsetzung"},"content":{"rendered":"\t\t<div data-elementor-type=\"wp-post\" data-elementor-id=\"4309\" class=\"elementor elementor-4309 elementor-bc-flex-widget\" data-elementor-settings=\"[]\">\n\t\t\t\t\t\t<div class=\"elementor-inner\">\n\t\t\t\t\t\t\t<div class=\"elementor-section-wrap\">\n\t\t\t\t\t\t\t<section class=\"elementor-section elementor-top-section elementor-element elementor-element-74f0629 elementor-section-boxed elementor-section-height-default elementor-section-height-default\" data-id=\"74f0629\" data-element_type=\"section\">\n\t\t\t\t\t\t<div class=\"elementor-container elementor-column-gap-default\">\n\t\t\t\t\t\t\t<div class=\"elementor-row\">\n\t\t\t\t\t<div class=\"elementor-column elementor-col-100 elementor-top-column elementor-element elementor-element-0a399d9\" data-id=\"0a399d9\" data-element_type=\"column\">\n\t\t\t<div class=\"elementor-column-wrap elementor-element-populated\">\n\t\t\t\t\t\t\t<div class=\"elementor-widget-wrap\">\n\t\t\t\t\t\t<div class=\"elementor-element elementor-element-4f59d7f elementor-widget elementor-widget-text-editor\" data-id=\"4f59d7f\" data-element_type=\"widget\" data-widget_type=\"text-editor.default\">\n\t\t\t\t<div class=\"elementor-widget-container\">\n\t\t\t\t\t\t\t\t<div class=\"elementor-text-editor elementor-clearfix\">\n\t\t\t\t<p>Nachdem der Verein im M\u00e4rz die F\u00f6rderw\u00fcrdigkeit durch die Lenkungsgruppe beschlie\u00dfen lie\u00df, konnten nun die ersten Bewilligungen f\u00fcr das Regionalbudget 2021 erteilt werden. Die Kleinprojekte<\/p><ul><li><a href=\"https:\/\/www.westzipfelregion.de\/verein\/2020\/12\/18\/abstellraum-am-b\u2026haus-hillensberg\/\">Abstellraum am B\u00fcrgerhaus Hillensberg<\/a><\/li><li><a href=\"https:\/\/www.westzipfelregion.de\/verein\/2020\/12\/18\/glockenspiel-an-\u2026pelle-maria-lind\/\">Glockenspiel an der Wallfahrtskapelle Maria Lind<\/a><\/li><li><a href=\"https:\/\/www.westzipfelregion.de\/verein\/2020\/12\/18\/umruestung-und-erweiterung-der-beleuchtungsanlage-kulturhaus-selfkant-und-jugendzentrum-alte-schule-hoengen\/\">Umr\u00fcstung und Erweiterung der Beleuchtungsanlage Kulturhaus Selfkant und Jugendzentrum &#8222;Alte Schule H\u00f6ngen&#8220;<\/a><\/li><\/ul><p>sind somit berechtigt, mit der Projektumsetzung zu beginnen.<\/p><p>Die LAG &#8222;Westzipfelregion&#8220; e.V. w\u00fcnscht allen Projekttr\u00e4gern viel Erfolg bei der Umsetzung ihrer Projekte.<\/p>\t\t\t\t\t<\/div>\n\t\t\t\t\t\t<\/div>\n\t\t\t\t<\/div>\n\t\t\t\t\t\t<\/div>\n\t\t\t\t\t<\/div>\n\t\t<\/div>\n\t\t\t\t\t\t\t\t<\/div>\n\t\t\t\t\t<\/div>\n\t\t<\/section>\n\t\t\t\t\t\t<\/div>\n\t\t\t\t\t\t<\/div>\n\t\t\t\t\t<\/div>\n\t\t","protected":false},"excerpt":{"rendered":"<p>Nachdem der Verein im M\u00e4rz die F\u00f6rderw\u00fcrdigkeit durch die Lenkungsgruppe beschlie\u00dfen lie\u00df, konnten nun die ersten Bewilligungen f\u00fcr das Regionalbudget 2021 erteilt werden. Die Kleinprojekte Abstellraum am B\u00fcrgerhaus Hillensberg Glockenspiel an der Wallfahrtskapelle Maria Lind Umr\u00fcstung und Erweiterung der Beleuchtungsanlage Kulturhaus Selfkant und Jugendzentrum &#8222;Alte Schule H\u00f6ngen&#8220; sind somit berechtigt, mit der Projektumsetzung zu beginnen. &hellip;<\/p>\n<p class=\"read-more\"> <a class=\"\" href=\"https:\/\/www.westzipfelregion.de\/verein\/2021\/05\/27\/die-ersten-kleinprojekte-fuer-das-jahr-2021-starten-mit-der-umsetzung\/\"> <span class=\"screen-reader-text\">Die ersten &#8222;Kleinprojekte&#8220; f\u00fcr 2021 beginnen mit der Umsetzung<\/span> Weiterlesen &raquo;<\/a><\/p>\n","protected":false},"author":9,"featured_media":3891,"comment_status":"open","ping_status":"open","sticky":false,"template":"","format":"standard","meta":{"site-sidebar-layout":"default","site-content-layout":"default","ast-main-header-display":"","ast-hfb-above-header-display":"","ast-hfb-mobile-header-display":"","site-post-title":"","ast-breadcrumbs-content":"","ast-featured-img":"","footer-sml-layout":"","theme-transparent-header-meta":"default","adv-header-id-meta":"","stick-header-meta":"","header-above-stick-meta":"","header-main-stick-meta":"","header-below-stick-meta":""},"categories":[1],"tags":[],"_links":{"self":[{"href":"https:\/\/www.westzipfelregion.de\/verein\/wp-json\/wp\/v2\/posts\/4309"}],"collection":[{"href":"https:\/\/www.westzipfelregion.de\/verein\/wp-json\/wp\/v2\/posts"}],"about":[{"href":"https:\/\/www.westzipfelregion.de\/verein\/wp-json\/wp\/v2\/types\/post"}],"author":[{"embeddable":true,"href":"https:\/\/www.westzipfelregion.de\/verein\/wp-json\/wp\/v2\/users\/9"}],"replies":[{"embeddable":true,"href":"https:\/\/www.westzipfelregion.de\/verein\/wp-json\/wp\/v2\/comments?post=4309"}],"version-history":[{"count":6,"href":"https:\/\/www.westzipfelregion.de\/verein\/wp-json\/wp\/v2\/posts\/4309\/revisions"}],"predecessor-version":[{"id":4504,"href":"https:\/\/www.westzipfelregion.de\/verein\/wp-json\/wp\/v2\/posts\/4309\/revisions\/4504"}],"wp:featuredmedia":[{"embeddable":true,"href":"https:\/\/www.westzipfelregion.de\/verein\/wp-json\/wp\/v2\/media\/3891"}],"wp:attachment":[{"href":"https:\/\/www.westzipfelregion.de\/verein\/wp-json\/wp\/v2\/media?parent=4309"}],"wp:term":[{"taxonomy":"category","embeddable":true,"href":"https:\/\/www.westzipfelregion.de\/verein\/wp-json\/wp\/v2\/categories?post=4309"},{"taxonomy":"post_tag","embeddable":true,"href":"https:\/\/www.westzipfelregion.de\/verein\/wp-json\/wp\/v2\/tags?post=4309"}],"curies":[{"name":"wp","href":"https:\/\/api.w.org\/{rel}","templated":true}]}}