{"id":1039,"date":"2018-05-22T12:38:35","date_gmt":"2018-05-22T10:38:35","guid":{"rendered":"http:\/\/westzipfelregion.de\/?p=1039"},"modified":"2019-03-14T21:10:45","modified_gmt":"2019-03-14T20:10:45","slug":"die-westzipfelregion-aus-einer-ganz-neuen-perspektive","status":"publish","type":"post","link":"https:\/\/www.westzipfelregion.de\/verein\/2018\/05\/22\/die-westzipfelregion-aus-einer-ganz-neuen-perspektive\/","title":{"rendered":"Die Westzipfelregion aus einer ganz neuen Perspektive"},"content":{"rendered":"\t\t<div data-elementor-type=\"wp-post\" data-elementor-id=\"1039\" class=\"elementor elementor-1039 elementor-bc-flex-widget\" data-elementor-settings=\"[]\">\n\t\t\t\t\t\t<div class=\"elementor-inner\">\n\t\t\t\t\t\t\t<div class=\"elementor-section-wrap\">\n\t\t\t\t\t\t\t<section class=\"elementor-section elementor-top-section elementor-element elementor-element-7dad4070 elementor-section-boxed elementor-section-height-default elementor-section-height-default\" data-id=\"7dad4070\" data-element_type=\"section\">\n\t\t\t\t\t\t<div class=\"elementor-container elementor-column-gap-default\">\n\t\t\t\t\t\t\t<div class=\"elementor-row\">\n\t\t\t\t\t<div class=\"elementor-column elementor-col-100 elementor-top-column elementor-element elementor-element-6e27da45\" data-id=\"6e27da45\" data-element_type=\"column\">\n\t\t\t<div class=\"elementor-column-wrap elementor-element-populated\">\n\t\t\t\t\t\t\t<div class=\"elementor-widget-wrap\">\n\t\t\t\t\t\t<div class=\"elementor-element elementor-element-6e4aec1c elementor-widget elementor-widget-text-editor\" data-id=\"6e4aec1c\" data-element_type=\"widget\" data-widget_type=\"text-editor.default\">\n\t\t\t\t<div class=\"elementor-widget-container\">\n\t\t\t\t\t\t\t\t<div class=\"elementor-text-editor elementor-clearfix\">\n\t\t\t\t<p><span style=\"color: #333333;\">Vergangenen Freitag hat sich das Regionalmanagement der Westzipfelregion auf einen ganz besonderen Ausflug auf gemacht. Wegen einer tollen Projektidee fuhr Frau Jentgens nach Hillensberg und traf sich mit drei netten Herren, die sehr stolz auf ihr Dorf und die Region sind. Treffpunkt war das B\u00fcrgerheim und dort warteten auch schon zwei der Herren. Doch wo war der dritte? Der kam pl\u00f6tzlich mit einem kleinen roten Traktor um die Ecke gefahren. &#8222;Springt auf!&#8220; und die Fahrt ging los Richtung Feldweg. Die besagte Projektidee wurde besichtigt und dann ging die Fahrt weiter, sogar bis kurz hinter die niederl\u00e4ndische Grenze. Vom Schlouner Berg gab&#8217;s dann eine ganz besondere Aussicht \u00fcber die Gemeinde Selfkant. Und sowieso konnte man vom Traktor so viel mehr von der sch\u00f6nen Region sehen. Es war ein ganz besonderes Erlebnis, was man wahrscheinlich als Regionalmanagerin nicht alle Tage hat. Aber es verschaffte einen Eindruck der Region aus einer ganz neuen Perspektive.<\/span><\/p><p>\u00a0<\/p><p>\u00a0<\/p><p>\u00a0<\/p>\t\t\t\t\t<\/div>\n\t\t\t\t\t\t<\/div>\n\t\t\t\t<\/div>\n\t\t\t\t\t\t<\/div>\n\t\t\t\t\t<\/div>\n\t\t<\/div>\n\t\t\t\t\t\t\t\t<\/div>\n\t\t\t\t\t<\/div>\n\t\t<\/section>\n\t\t\t\t\t\t<\/div>\n\t\t\t\t\t\t<\/div>\n\t\t\t\t\t<\/div>\n\t\t","protected":false},"excerpt":{"rendered":"<p>Vergangenen Freitag hat sich das Regionalmanagement der Westzipfelregion auf einen ganz besonderen Ausflug auf gemacht. Wegen einer tollen Projektidee fuhr Frau Jentgens nach Hillensberg und traf sich mit drei netten Herren, die sehr stolz auf ihr Dorf und die Region sind. Treffpunkt war das B\u00fcrgerheim und dort warteten auch schon zwei der Herren. Doch wo &hellip;<\/p>\n<p class=\"read-more\"> <a class=\"\" href=\"https:\/\/www.westzipfelregion.de\/verein\/2018\/05\/22\/die-westzipfelregion-aus-einer-ganz-neuen-perspektive\/\"> <span class=\"screen-reader-text\">Die Westzipfelregion aus einer ganz neuen Perspektive<\/span> Weiterlesen &raquo;<\/a><\/p>\n","protected":false},"author":3,"featured_media":2333,"comment_status":"closed","ping_status":"open","sticky":false,"template":"","format":"standard","meta":{"site-sidebar-layout":"default","site-content-layout":"default","ast-main-header-display":"","ast-hfb-above-header-display":"","ast-hfb-mobile-header-display":"","site-post-title":"","ast-breadcrumbs-content":"","ast-featured-img":"","footer-sml-layout":"","theme-transparent-header-meta":"default","adv-header-id-meta":"","stick-header-meta":"","header-above-stick-meta":"","header-main-stick-meta":"","header-below-stick-meta":""},"categories":[1],"tags":[],"_links":{"self":[{"href":"https:\/\/www.westzipfelregion.de\/verein\/wp-json\/wp\/v2\/posts\/1039"}],"collection":[{"href":"https:\/\/www.westzipfelregion.de\/verein\/wp-json\/wp\/v2\/posts"}],"about":[{"href":"https:\/\/www.westzipfelregion.de\/verein\/wp-json\/wp\/v2\/types\/post"}],"author":[{"embeddable":true,"href":"https:\/\/www.westzipfelregion.de\/verein\/wp-json\/wp\/v2\/users\/3"}],"replies":[{"embeddable":true,"href":"https:\/\/www.westzipfelregion.de\/verein\/wp-json\/wp\/v2\/comments?post=1039"}],"version-history":[{"count":3,"href":"https:\/\/www.westzipfelregion.de\/verein\/wp-json\/wp\/v2\/posts\/1039\/revisions"}],"predecessor-version":[{"id":2614,"href":"https:\/\/www.westzipfelregion.de\/verein\/wp-json\/wp\/v2\/posts\/1039\/revisions\/2614"}],"wp:featuredmedia":[{"embeddable":true,"href":"https:\/\/www.westzipfelregion.de\/verein\/wp-json\/wp\/v2\/media\/2333"}],"wp:attachment":[{"href":"https:\/\/www.westzipfelregion.de\/verein\/wp-json\/wp\/v2\/media?parent=1039"}],"wp:term":[{"taxonomy":"category","embeddable":true,"href":"https:\/\/www.westzipfelregion.de\/verein\/wp-json\/wp\/v2\/categories?post=1039"},{"taxonomy":"post_tag","embeddable":true,"href":"https:\/\/www.westzipfelregion.de\/verein\/wp-json\/wp\/v2\/tags?post=1039"}],"curies":[{"name":"wp","href":"https:\/\/api.w.org\/{rel}","templated":true}]}}