{"id":4839,"date":"2025-06-05T08:36:00","date_gmt":"2025-06-05T06:36:00","guid":{"rendered":"https:\/\/www.westzipfelregion.de\/staedtebau\/?p=4839"},"modified":"2025-11-28T09:12:38","modified_gmt":"2025-11-28T08:12:38","slug":"freizeit-und-sportpark-wurmaue-2","status":"publish","type":"post","link":"https:\/\/www.westzipfelregion.de\/staedtebau\/2025\/06\/05\/freizeit-und-sportpark-wurmaue-2\/","title":{"rendered":"Tag der St\u00e4dte&shy;bau&shy;f\u00f6r&shy;derung in Gangelt"},"content":{"rendered":"\n<p><strong>Bestes Freibadwetter am Tag der St\u00e4dtebauf\u00f6rderung in Gangelt<\/strong><\/p>\n\n\n\n<p>Am 10. Mai 2025 haben wir gleich doppelt gefeiert: den Tag der St\u00e4dtebauf\u00f6rderung und 100 Jahre Freibad Gangelt!<\/p>\n\n\n\n<p>Es war eine sch\u00f6ne Veranstaltung voller Eindr\u00fccke, Begegnungen und spannender Einblicke in unsere Region. Wir haben den sonnigen Tag f\u00fcr Filmaufnahmen genutzt, die wir gerne mit Euch teilen m\u00f6chten.<\/p>\n\n\n\n<p>Der Kurzfilm gibt Einblicke in aktuelle Projekte, Ideen und die Menschen dahinter.<\/p>\n\n\n\n<p>Danke, dass Ihr den Tag der St\u00e4dtebauf\u00f6rderung 2025 mit uns gefeiert habt!<\/p>\n\n\n\n<figure class=\"wp-block-embed is-type-video is-provider-youtube wp-block-embed-youtube wp-embed-aspect-16-9 wp-has-aspect-ratio\"><div class=\"wp-block-embed__wrapper\">\n<div class=\"ast-oembed-container\"><iframe loading=\"lazy\" title=\"Freibadwetter am Tag der St\u00e4dtebauf\u00f6rderung in Gangelt\" width=\"500\" height=\"281\" src=\"https:\/\/www.youtube.com\/embed\/HmZVt39DLqg?feature=oembed\" frameborder=\"0\" allow=\"accelerometer; autoplay; clipboard-write; encrypted-media; gyroscope; picture-in-picture; web-share\" referrerpolicy=\"strict-origin-when-cross-origin\" allowfullscreen><\/iframe><\/div>\n<\/div><\/figure>\n","protected":false},"excerpt":{"rendered":"<p>Bestes Freibadwetter am Tag der St\u00e4dtebauf\u00f6rderung in Gangelt Am 10. Mai 2025 haben wir gleich doppelt gefeiert: den Tag der St\u00e4dtebauf\u00f6rderung und 100 Jahre Freibad Gangelt! Es war eine sch\u00f6ne Veranstaltung voller Eindr\u00fccke, Begegnungen und spannender Einblicke in unsere Region. Wir haben den sonnigen Tag f\u00fcr Filmaufnahmen genutzt, die wir gerne mit Euch teilen m\u00f6chten. &hellip;<\/p>\n<p class=\"read-more\"> <a class=\"\" href=\"https:\/\/www.westzipfelregion.de\/staedtebau\/2025\/06\/05\/freizeit-und-sportpark-wurmaue-2\/\"> <span class=\"screen-reader-text\">Tag der St\u00e4dte&shy;bau&shy;f\u00f6r&shy;derung in Gangelt<\/span> Weiterlesen &raquo;<\/a><\/p>\n","protected":false},"author":8,"featured_media":4748,"comment_status":"open","ping_status":"open","sticky":false,"template":"","format":"standard","meta":{"site-sidebar-layout":"","site-content-layout":"","ast-main-header-display":"","ast-hfb-above-header-display":"","ast-hfb-mobile-header-display":"","site-post-title":"","ast-breadcrumbs-content":"","ast-featured-img":"","footer-sml-layout":"","theme-transparent-header-meta":"","adv-header-id-meta":"","stick-header-meta":"","header-above-stick-meta":"","header-main-stick-meta":"","header-below-stick-meta":""},"categories":[1],"tags":[],"_links":{"self":[{"href":"https:\/\/www.westzipfelregion.de\/staedtebau\/wp-json\/wp\/v2\/posts\/4839"}],"collection":[{"href":"https:\/\/www.westzipfelregion.de\/staedtebau\/wp-json\/wp\/v2\/posts"}],"about":[{"href":"https:\/\/www.westzipfelregion.de\/staedtebau\/wp-json\/wp\/v2\/types\/post"}],"author":[{"embeddable":true,"href":"https:\/\/www.westzipfelregion.de\/staedtebau\/wp-json\/wp\/v2\/users\/8"}],"replies":[{"embeddable":true,"href":"https:\/\/www.westzipfelregion.de\/staedtebau\/wp-json\/wp\/v2\/comments?post=4839"}],"version-history":[{"count":5,"href":"https:\/\/www.westzipfelregion.de\/staedtebau\/wp-json\/wp\/v2\/posts\/4839\/revisions"}],"predecessor-version":[{"id":4856,"href":"https:\/\/www.westzipfelregion.de\/staedtebau\/wp-json\/wp\/v2\/posts\/4839\/revisions\/4856"}],"wp:featuredmedia":[{"embeddable":true,"href":"https:\/\/www.westzipfelregion.de\/staedtebau\/wp-json\/wp\/v2\/media\/4748"}],"wp:attachment":[{"href":"https:\/\/www.westzipfelregion.de\/staedtebau\/wp-json\/wp\/v2\/media?parent=4839"}],"wp:term":[{"taxonomy":"category","embeddable":true,"href":"https:\/\/www.westzipfelregion.de\/staedtebau\/wp-json\/wp\/v2\/categories?post=4839"},{"taxonomy":"post_tag","embeddable":true,"href":"https:\/\/www.westzipfelregion.de\/staedtebau\/wp-json\/wp\/v2\/tags?post=4839"}],"curies":[{"name":"wp","href":"https:\/\/api.w.org\/{rel}","templated":true}]}}