{"id":4722,"date":"2025-03-21T09:31:23","date_gmt":"2025-03-21T08:31:23","guid":{"rendered":"https:\/\/www.westzipfelregion.de\/staedtebau\/?p=4722"},"modified":"2025-03-21T09:38:12","modified_gmt":"2025-03-21T08:38:12","slug":"neues-denkmal-fuer-das-dokumentationszentrum-glanzstoff","status":"publish","type":"post","link":"https:\/\/www.westzipfelregion.de\/staedtebau\/2025\/03\/21\/neues-denkmal-fuer-das-dokumentationszentrum-glanzstoff\/","title":{"rendered":"Neues Denkmal f\u00fcr Doku&shy;men&shy;ta&shy;tions&shy;zentrum Glanzstoff"},"content":{"rendered":"\n<p><\/p>\n\n\n\n<p>Ein neues Denkmal erinnert an die traditionsreiche Geschichte der Glanzstoffwerke, die 1899 gegr\u00fcndet wurden und sich zu einem weltweit bedeutenden Unternehmen der Kunstfaserindustrie entwickelten. Das Glanzstoffwerk Oberbruch pr\u00e4gte die Region \u00fcber Jahrzehnte hinweg und war f\u00fcr tausende von Mitarbeitenden ein wichtiger Arbeitsplatz.<\/p>\n\n\n\n<p>Heute befindet sich das Werk in einem tiefgreifenden Transformationsprozess. Mit dem Denkmal und dem Dokumentationszentrum m\u00f6chte der F\u00f6rderverein Industriepark Oberbruch e.V. die herausragenden Leistungen des Unternehmens w\u00fcrdigen und f\u00fcr kommende Generationen bewahren. Das Projekt wurde durch Mittel aus den Verf\u00fcgungsfonds der St\u00e4dtebauf\u00f6rderung unterst\u00fctzt.<\/p>\n\n\n\n<hr class=\"wp-block-separator\" \/>\n\n\n\n<p><\/p>\n\n\n\n<p><strong><a rel=\"noreferrer noopener\" href=\"https:\/\/glanzstoff-doku.de\" target=\"_blank\">www.glanzstoff-doku.de<\/a><\/strong><\/p>\n\n\n\n<hr class=\"wp-block-separator\" \/>\n","protected":false},"excerpt":{"rendered":"<p>Ein neues Denkmal erinnert an die traditionsreiche Geschichte der Glanzstoffwerke in Oberbruch \u2026<\/p>\n","protected":false},"author":8,"featured_media":4723,"comment_status":"open","ping_status":"open","sticky":false,"template":"","format":"standard","meta":{"site-sidebar-layout":"","site-content-layout":"","ast-main-header-display":"","ast-hfb-above-header-display":"","ast-hfb-mobile-header-display":"","site-post-title":"","ast-breadcrumbs-content":"","ast-featured-img":"","footer-sml-layout":"","theme-transparent-header-meta":"","adv-header-id-meta":"","stick-header-meta":"","header-above-stick-meta":"","header-main-stick-meta":"","header-below-stick-meta":""},"categories":[1],"tags":[],"_links":{"self":[{"href":"https:\/\/www.westzipfelregion.de\/staedtebau\/wp-json\/wp\/v2\/posts\/4722"}],"collection":[{"href":"https:\/\/www.westzipfelregion.de\/staedtebau\/wp-json\/wp\/v2\/posts"}],"about":[{"href":"https:\/\/www.westzipfelregion.de\/staedtebau\/wp-json\/wp\/v2\/types\/post"}],"author":[{"embeddable":true,"href":"https:\/\/www.westzipfelregion.de\/staedtebau\/wp-json\/wp\/v2\/users\/8"}],"replies":[{"embeddable":true,"href":"https:\/\/www.westzipfelregion.de\/staedtebau\/wp-json\/wp\/v2\/comments?post=4722"}],"version-history":[{"count":7,"href":"https:\/\/www.westzipfelregion.de\/staedtebau\/wp-json\/wp\/v2\/posts\/4722\/revisions"}],"predecessor-version":[{"id":4730,"href":"https:\/\/www.westzipfelregion.de\/staedtebau\/wp-json\/wp\/v2\/posts\/4722\/revisions\/4730"}],"wp:featuredmedia":[{"embeddable":true,"href":"https:\/\/www.westzipfelregion.de\/staedtebau\/wp-json\/wp\/v2\/media\/4723"}],"wp:attachment":[{"href":"https:\/\/www.westzipfelregion.de\/staedtebau\/wp-json\/wp\/v2\/media?parent=4722"}],"wp:term":[{"taxonomy":"category","embeddable":true,"href":"https:\/\/www.westzipfelregion.de\/staedtebau\/wp-json\/wp\/v2\/categories?post=4722"},{"taxonomy":"post_tag","embeddable":true,"href":"https:\/\/www.westzipfelregion.de\/staedtebau\/wp-json\/wp\/v2\/tags?post=4722"}],"curies":[{"name":"wp","href":"https:\/\/api.w.org\/{rel}","templated":true}]}}