{"id":4221,"date":"2023-07-30T18:11:53","date_gmt":"2023-07-30T16:11:53","guid":{"rendered":"https:\/\/www.westzipfelregion.de\/staedtebau\/?p=4221"},"modified":"2023-09-01T18:16:15","modified_gmt":"2023-09-01T16:16:15","slug":"einmal-niederlande-und-zurueck-2","status":"publish","type":"post","link":"https:\/\/www.westzipfelregion.de\/staedtebau\/2023\/07\/30\/einmal-niederlande-und-zurueck-2\/","title":{"rendered":"Einmal Niederlande und Zur\u00fcck"},"content":{"rendered":"\n<p><\/p>\n\n\n\n<p>\u201eWas ist eigentlich diese Grenze? Wir haben dieselbe Sprache, dieselbe Geschichte, feiern dieselben Feste, da gibt es schon l\u00e4ngst keine Grenze mehr\u201c.<\/p>\n\n\n\n<p>Das Musical zum 60. Jahrestag der R\u00fcckgliederung des Selfkants nach der Auftragsverwaltung durch die Niederlande war ein gro\u00dfer Erfolg. Unter der Leitung von Bas Stelten pr\u00e4sentierten deutsche und niederl\u00e4ndische Laiendarsteller das Geschehen im Selfkant in der Zeit von 1949 bis 1963. Was die Organisatoren Ortsvorsteher Werner Joeri\u00dfen, Initiator Heinz Eschweiler und Quartiersmanagerin G\u00fclsen Litherland auf die Beine gestellt haben, war ein \u201eeinzigartiger und au\u00dferordentlich gelungener Kraftakt\u201c.<\/p>\n\n\n\n<p><\/p>\n\n\n\n<p><strong>Eine Zusammenfassung gibt es hier:<br><a href=\"https:\/\/www.facebook.com\/watch\/?v=2061568830867258\">https:\/\/www.facebook.com\/watch\/?v=<\/a><a rel=\"noreferrer noopener\" href=\"https:\/\/www.facebook.com\/watch\/?v=2061568830867258\" target=\"_blank\">2061568830867258<\/a><\/strong><\/p>\n\n\n\n<p> <\/p>\n\n\n\n<p><\/p>\n","protected":false},"excerpt":{"rendered":"<p>\u201eWas ist eigentlich diese Grenze? Wir haben dieselbe Sprache, dieselbe Geschichte, feiern dieselben Feste, da gibt es schon l\u00e4ngst keine Grenze mehr\u201c. Das Musical zum 60. Jahrestag der R\u00fcckgliederung des Selfkants nach der Auftragsverwaltung durch die Niederlande war ein gro\u00dfer Erfolg. Unter der Leitung von Bas Stelten pr\u00e4sentierten deutsche und niederl\u00e4ndische Laiendarsteller das Geschehen im &hellip;<\/p>\n<p class=\"read-more\"> <a class=\"\" href=\"https:\/\/www.westzipfelregion.de\/staedtebau\/2023\/07\/30\/einmal-niederlande-und-zurueck-2\/\"> <span class=\"screen-reader-text\">Einmal Niederlande und Zur\u00fcck<\/span> Weiterlesen &raquo;<\/a><\/p>\n","protected":false},"author":8,"featured_media":4181,"comment_status":"open","ping_status":"open","sticky":false,"template":"","format":"standard","meta":{"site-sidebar-layout":"","site-content-layout":"","ast-main-header-display":"","ast-hfb-above-header-display":"","ast-hfb-mobile-header-display":"","site-post-title":"","ast-breadcrumbs-content":"","ast-featured-img":"","footer-sml-layout":"","theme-transparent-header-meta":"","adv-header-id-meta":"","stick-header-meta":"","header-above-stick-meta":"","header-main-stick-meta":"","header-below-stick-meta":""},"categories":[1],"tags":[],"_links":{"self":[{"href":"https:\/\/www.westzipfelregion.de\/staedtebau\/wp-json\/wp\/v2\/posts\/4221"}],"collection":[{"href":"https:\/\/www.westzipfelregion.de\/staedtebau\/wp-json\/wp\/v2\/posts"}],"about":[{"href":"https:\/\/www.westzipfelregion.de\/staedtebau\/wp-json\/wp\/v2\/types\/post"}],"author":[{"embeddable":true,"href":"https:\/\/www.westzipfelregion.de\/staedtebau\/wp-json\/wp\/v2\/users\/8"}],"replies":[{"embeddable":true,"href":"https:\/\/www.westzipfelregion.de\/staedtebau\/wp-json\/wp\/v2\/comments?post=4221"}],"version-history":[{"count":6,"href":"https:\/\/www.westzipfelregion.de\/staedtebau\/wp-json\/wp\/v2\/posts\/4221\/revisions"}],"predecessor-version":[{"id":4227,"href":"https:\/\/www.westzipfelregion.de\/staedtebau\/wp-json\/wp\/v2\/posts\/4221\/revisions\/4227"}],"wp:featuredmedia":[{"embeddable":true,"href":"https:\/\/www.westzipfelregion.de\/staedtebau\/wp-json\/wp\/v2\/media\/4181"}],"wp:attachment":[{"href":"https:\/\/www.westzipfelregion.de\/staedtebau\/wp-json\/wp\/v2\/media?parent=4221"}],"wp:term":[{"taxonomy":"category","embeddable":true,"href":"https:\/\/www.westzipfelregion.de\/staedtebau\/wp-json\/wp\/v2\/categories?post=4221"},{"taxonomy":"post_tag","embeddable":true,"href":"https:\/\/www.westzipfelregion.de\/staedtebau\/wp-json\/wp\/v2\/tags?post=4221"}],"curies":[{"name":"wp","href":"https:\/\/api.w.org\/{rel}","templated":true}]}}