{"id":2622,"date":"2019-05-13T15:57:25","date_gmt":"2019-05-13T13:57:25","guid":{"rendered":"https:\/\/www.westzipfelregion.de\/staedtebau\/?p=2622"},"modified":"2019-05-13T15:58:17","modified_gmt":"2019-05-13T13:58:17","slug":"sitzung-des-quartiersbeirates-gangelt","status":"publish","type":"post","link":"https:\/\/www.westzipfelregion.de\/staedtebau\/2019\/05\/13\/sitzung-des-quartiersbeirates-gangelt\/","title":{"rendered":"Erste Sitzung des Quartiersbeirates Gangelt"},"content":{"rendered":"<p><em>Die erste und damit konstituierende\u00a0<i>Sitzung des Quartiersbeirates Gangelt<\/i> fand am 9. Mai 2019 im Rathaus der Gemeinde Gangelt statt. Bei der Sitzung wurde Herr Sebastian M\u00fchlenberg einstimmig vom Quartiersbeirat zum Sprecher gew\u00e4hlt und Herr Gerd Sch\u00fctz zu seinem Vertreter. Die Mitglieder sammelten einige interessante Ideen f\u00fcr m\u00f6gliche Verf\u00fcgungsfonds-Projekte, die nun weiter ausgearbeitet werden. Unter anderem ist es gro\u00dfes Anliegen des Quartiersbeirates, sich f\u00fcr den Erhalt und die Weiterentwicklung des Nikolausmarktes in Gangelt einzusetzen. <\/em><\/p>\n<p><em>Wenn Sie Fragen zum Thema Verf\u00fcgungsfonds haben oder eigene Projektideen einbringen m\u00f6chten, melden Sie sich bei Frau Litherland oder besuchen Sie uns in einem unserer Quartiersb\u00fcros.<\/em><\/p>\n<p><em>\u00a0<\/em><em>Wir freuen uns auf Ihre Ideen und viele spannende Projekte!<\/em><\/p>\n","protected":false},"excerpt":{"rendered":"<p>Die erste und damit konstituierende\u00a0Sitzung des Quartiersbeirates Gangelt fand am 9. Mai 2019 im Rathaus der Gemeinde Gangelt statt. Bei der Sitzung wurde Herr Sebastian M\u00fchlenberg einstimmig vom Quartiersbeirat zum Sprecher gew\u00e4hlt und Herr Gerd Sch\u00fctz zu seinem Vertreter. Die Mitglieder sammelten einige interessante Ideen f\u00fcr m\u00f6gliche Verf\u00fcgungsfonds-Projekte, die nun weiter ausgearbeitet werden. Unter anderem &hellip;<\/p>\n<p class=\"read-more\"> <a class=\"\" href=\"https:\/\/www.westzipfelregion.de\/staedtebau\/2019\/05\/13\/sitzung-des-quartiersbeirates-gangelt\/\"> <span class=\"screen-reader-text\">Erste Sitzung des Quartiersbeirates Gangelt<\/span> Weiterlesen &raquo;<\/a><\/p>\n","protected":false},"author":8,"featured_media":2624,"comment_status":"open","ping_status":"open","sticky":false,"template":"","format":"standard","meta":{"site-sidebar-layout":"default","site-content-layout":"default","ast-main-header-display":"","ast-hfb-above-header-display":"","ast-hfb-mobile-header-display":"","site-post-title":"","ast-breadcrumbs-content":"","ast-featured-img":"","footer-sml-layout":"","theme-transparent-header-meta":"default","adv-header-id-meta":"","stick-header-meta":"","header-above-stick-meta":"","header-main-stick-meta":"","header-below-stick-meta":""},"categories":[1],"tags":[],"_links":{"self":[{"href":"https:\/\/www.westzipfelregion.de\/staedtebau\/wp-json\/wp\/v2\/posts\/2622"}],"collection":[{"href":"https:\/\/www.westzipfelregion.de\/staedtebau\/wp-json\/wp\/v2\/posts"}],"about":[{"href":"https:\/\/www.westzipfelregion.de\/staedtebau\/wp-json\/wp\/v2\/types\/post"}],"author":[{"embeddable":true,"href":"https:\/\/www.westzipfelregion.de\/staedtebau\/wp-json\/wp\/v2\/users\/8"}],"replies":[{"embeddable":true,"href":"https:\/\/www.westzipfelregion.de\/staedtebau\/wp-json\/wp\/v2\/comments?post=2622"}],"version-history":[{"count":4,"href":"https:\/\/www.westzipfelregion.de\/staedtebau\/wp-json\/wp\/v2\/posts\/2622\/revisions"}],"predecessor-version":[{"id":2628,"href":"https:\/\/www.westzipfelregion.de\/staedtebau\/wp-json\/wp\/v2\/posts\/2622\/revisions\/2628"}],"wp:featuredmedia":[{"embeddable":true,"href":"https:\/\/www.westzipfelregion.de\/staedtebau\/wp-json\/wp\/v2\/media\/2624"}],"wp:attachment":[{"href":"https:\/\/www.westzipfelregion.de\/staedtebau\/wp-json\/wp\/v2\/media?parent=2622"}],"wp:term":[{"taxonomy":"category","embeddable":true,"href":"https:\/\/www.westzipfelregion.de\/staedtebau\/wp-json\/wp\/v2\/categories?post=2622"},{"taxonomy":"post_tag","embeddable":true,"href":"https:\/\/www.westzipfelregion.de\/staedtebau\/wp-json\/wp\/v2\/tags?post=2622"}],"curies":[{"name":"wp","href":"https:\/\/api.w.org\/{rel}","templated":true}]}}