{"id":1917,"date":"2018-12-06T09:00:11","date_gmt":"2018-12-06T08:00:11","guid":{"rendered":"https:\/\/www.westzipfelregion.de\/staedtebau\/?p=1917"},"modified":"2019-01-29T12:31:21","modified_gmt":"2019-01-29T11:31:21","slug":"dorfwerkstatt-saeffelen","status":"publish","type":"post","link":"https:\/\/www.westzipfelregion.de\/staedtebau\/2018\/12\/06\/dorfwerkstatt-saeffelen\/","title":{"rendered":"Dorfwerkstatt Saeffelen"},"content":{"rendered":"\t\t<div data-elementor-type=\"wp-post\" data-elementor-id=\"1917\" class=\"elementor elementor-1917 elementor-bc-flex-widget\" data-elementor-settings=\"[]\">\n\t\t\t\t\t\t<div class=\"elementor-inner\">\n\t\t\t\t\t\t\t<div class=\"elementor-section-wrap\">\n\t\t\t\t\t\t\t<section class=\"elementor-section elementor-top-section elementor-element elementor-element-2c2eea2f elementor-section-boxed elementor-section-height-default elementor-section-height-default\" data-id=\"2c2eea2f\" data-element_type=\"section\">\n\t\t\t\t\t\t<div class=\"elementor-container elementor-column-gap-default\">\n\t\t\t\t\t\t\t<div class=\"elementor-row\">\n\t\t\t\t\t<div class=\"elementor-column elementor-col-100 elementor-top-column elementor-element elementor-element-76744e4e\" data-id=\"76744e4e\" data-element_type=\"column\">\n\t\t\t<div class=\"elementor-column-wrap elementor-element-populated\">\n\t\t\t\t\t\t\t<div class=\"elementor-widget-wrap\">\n\t\t\t\t\t\t<div class=\"elementor-element elementor-element-28aa07d6 elementor-widget elementor-widget-text-editor\" data-id=\"28aa07d6\" data-element_type=\"widget\" data-widget_type=\"text-editor.default\">\n\t\t\t\t<div class=\"elementor-widget-container\">\n\t\t\t\t\t\t\t\t<div class=\"elementor-text-editor elementor-clearfix\">\n\t\t\t\t<p class=\"p1\">Das Dorfzentrum von Saeffelen ist durch seine st\u00e4dtebaulichen Potenziale und zentrale Lage der wichtigste \u00f6ffentliche Raum im Angerdorf Saeffelen. Dieser weist jedoch erhebliche M\u00e4ngel und Defizite auf, die es dringend zu beheben gilt. Insgesamt soll das Dorfzentrum als attraktiver und multifunktional nutzbarer Treffpunkt f\u00fcr die Quartiersbewohner aus H\u00f6ngen, Heilder und Saeffelen weiterentwickelt werden.<\/p><p class=\"p1\">In einem ersten Schritt wurde die B\u00fcrgerschaft aufgerufen an einer \u00f6ffentlichen Dorfwerkstatt teilzunehmen, in der Ideen und konkrete Projektideen gesammelt werden sollten. Am 10.10.2018 fanden sich hierzu rund 50 B\u00fcrgerinnen und B\u00fcrger im Pfarrzentrum ein und erarbeiteten in Gruppen Ma\u00dfnahmen zur Entwicklung des Angerdorfes. Die Ergebnisse der Werkstatt wurden in einer Dokumentation zusammengefasst und werden in den n\u00e4chsten Monaten als Grundlage f\u00fcr die weitere Planung dienen.<\/p>\t\t\t\t\t<\/div>\n\t\t\t\t\t\t<\/div>\n\t\t\t\t<\/div>\n\t\t\t\t\t\t<\/div>\n\t\t\t\t\t<\/div>\n\t\t<\/div>\n\t\t\t\t\t\t\t\t<\/div>\n\t\t\t\t\t<\/div>\n\t\t<\/section>\n\t\t\t\t\t\t<\/div>\n\t\t\t\t\t\t<\/div>\n\t\t\t\t\t<\/div>\n\t\t","protected":false},"excerpt":{"rendered":"<p>Am 10.10.2018 fanden sich rund 50 Bu\u0308rgerinnen und Bu\u0308rger im Pfarrzentrum zur Dorfwerkstatt Saeffelen ein und erarbeiteten in Gruppen Ma\u00dfnahmen zur Entwicklung des Angerdorfes.<\/p>\n","protected":false},"author":3,"featured_media":1925,"comment_status":"open","ping_status":"open","sticky":false,"template":"","format":"standard","meta":{"site-sidebar-layout":"default","site-content-layout":"default","ast-main-header-display":"","ast-hfb-above-header-display":"","ast-hfb-mobile-header-display":"","site-post-title":"","ast-breadcrumbs-content":"","ast-featured-img":"","footer-sml-layout":"","theme-transparent-header-meta":"default","adv-header-id-meta":"","stick-header-meta":"","header-above-stick-meta":"","header-main-stick-meta":"","header-below-stick-meta":""},"categories":[1],"tags":[],"_links":{"self":[{"href":"https:\/\/www.westzipfelregion.de\/staedtebau\/wp-json\/wp\/v2\/posts\/1917"}],"collection":[{"href":"https:\/\/www.westzipfelregion.de\/staedtebau\/wp-json\/wp\/v2\/posts"}],"about":[{"href":"https:\/\/www.westzipfelregion.de\/staedtebau\/wp-json\/wp\/v2\/types\/post"}],"author":[{"embeddable":true,"href":"https:\/\/www.westzipfelregion.de\/staedtebau\/wp-json\/wp\/v2\/users\/3"}],"replies":[{"embeddable":true,"href":"https:\/\/www.westzipfelregion.de\/staedtebau\/wp-json\/wp\/v2\/comments?post=1917"}],"version-history":[{"count":5,"href":"https:\/\/www.westzipfelregion.de\/staedtebau\/wp-json\/wp\/v2\/posts\/1917\/revisions"}],"predecessor-version":[{"id":2485,"href":"https:\/\/www.westzipfelregion.de\/staedtebau\/wp-json\/wp\/v2\/posts\/1917\/revisions\/2485"}],"wp:featuredmedia":[{"embeddable":true,"href":"https:\/\/www.westzipfelregion.de\/staedtebau\/wp-json\/wp\/v2\/media\/1925"}],"wp:attachment":[{"href":"https:\/\/www.westzipfelregion.de\/staedtebau\/wp-json\/wp\/v2\/media?parent=1917"}],"wp:term":[{"taxonomy":"category","embeddable":true,"href":"https:\/\/www.westzipfelregion.de\/staedtebau\/wp-json\/wp\/v2\/categories?post=1917"},{"taxonomy":"post_tag","embeddable":true,"href":"https:\/\/www.westzipfelregion.de\/staedtebau\/wp-json\/wp\/v2\/tags?post=1917"}],"curies":[{"name":"wp","href":"https:\/\/api.w.org\/{rel}","templated":true}]}}